{"id":6681,"date":"2022-07-13T13:11:59","date_gmt":"2022-07-13T11:11:59","guid":{"rendered":"https:\/\/gunnarsson.biz\/blogg\/?p=6681"},"modified":"2022-07-19T13:19:15","modified_gmt":"2022-07-19T11:19:15","slug":"ljungarocken-till-helgen","status":"publish","type":"post","link":"https:\/\/gunnarsson.biz\/blogg\/?p=6681","title":{"rendered":"Ljungarocken till helgen.."},"content":{"rendered":"<p>Ja flitens lampa lyser nere vid parken och Forumplan, inh\u00e4gnad runt festivalomr\u00e5det skall byggas liksom \u00f6lt\u00e4lt, scener mm. F\u00f6rutom det s\u00e5 har vi ju \u00e4ven ett tivoli h\u00e4r i \u00e5r som tar en del tid och plats. Fotade lite nu och d\u00e5.<br \/>\n<img loading=\"lazy\" decoding=\"async\" class=\"alignnone size-medium\" src=\"https:\/\/gunnarsson.biz\/pictures_blogg\/0_2022\/20220714\/tivoli\/1.jpg\" width=\"593\" height=\"461\" \/><br \/>\n<img loading=\"lazy\" decoding=\"async\" class=\"alignnone size-medium\" src=\"https:\/\/gunnarsson.biz\/pictures_blogg\/0_2022\/20220714\/tivoli\/2.jpg\" width=\"658\" height=\"461\" \/><br \/>\n\u00d6lt\u00e4lt och bajjamajjor h\u00f6r ju liksom till. \ud83d\ude42<br \/>\n<img loading=\"lazy\" decoding=\"async\" class=\"alignnone size-medium\" src=\"https:\/\/gunnarsson.biz\/pictures_blogg\/0_2022\/20220714\/tivoli\/3.jpg\" width=\"588\" height=\"350\" \/><br \/>\n<img loading=\"lazy\" decoding=\"async\" class=\"alignnone size-medium\" src=\"https:\/\/gunnarsson.biz\/pictures_blogg\/0_2022\/20220714\/tivoli\/4.jpg\" width=\"594\" height=\"429\" \/><br \/>\n<img loading=\"lazy\" decoding=\"async\" class=\"alignnone size-medium\" src=\"https:\/\/gunnarsson.biz\/pictures_blogg\/0_2022\/20220714\/tivoli\/5.jpg\" width=\"585\" height=\"408\" \/><br \/>\n<img loading=\"lazy\" decoding=\"async\" class=\"alignnone size-medium\" src=\"https:\/\/gunnarsson.biz\/pictures_blogg\/0_2022\/20220714\/tivoli\/7.jpg\" width=\"577\" height=\"392\" \/><br \/>\n<img loading=\"lazy\" decoding=\"async\" class=\"alignnone size-medium\" src=\"https:\/\/gunnarsson.biz\/pictures_blogg\/0_2022\/20220714\/tivoli\/8.jpg\" width=\"591\" height=\"439\" \/><\/p>\n","protected":false},"excerpt":{"rendered":"<p>Ja flitens lampa lyser nere vid parken och Forumplan, inh\u00e4gnad runt festivalomr\u00e5det skall byggas liksom \u00f6lt\u00e4lt, scener mm. F\u00f6rutom det s\u00e5 har vi ju \u00e4ven ett tivoli h\u00e4r i \u00e5r som tar en del tid och plats. Fotade lite nu &hellip; <a href=\"https:\/\/gunnarsson.biz\/blogg\/?p=6681\">Forts\u00e4tt l\u00e4sa <span class=\"meta-nav\">&rarr;<\/span><\/a><\/p>\n","protected":false},"author":92,"featured_media":0,"comment_status":"open","ping_status":"open","sticky":false,"template":"","format":"standard","meta":{"footnotes":""},"categories":[2,1110],"tags":[],"class_list":["post-6681","post","type-post","status-publish","format-standard","hentry","category-egna-funderingar","category-fest"],"_links":{"self":[{"href":"https:\/\/gunnarsson.biz\/blogg\/index.php?rest_route=\/wp\/v2\/posts\/6681","targetHints":{"allow":["GET"]}}],"collection":[{"href":"https:\/\/gunnarsson.biz\/blogg\/index.php?rest_route=\/wp\/v2\/posts"}],"about":[{"href":"https:\/\/gunnarsson.biz\/blogg\/index.php?rest_route=\/wp\/v2\/types\/post"}],"author":[{"embeddable":true,"href":"https:\/\/gunnarsson.biz\/blogg\/index.php?rest_route=\/wp\/v2\/users\/92"}],"replies":[{"embeddable":true,"href":"https:\/\/gunnarsson.biz\/blogg\/index.php?rest_route=%2Fwp%2Fv2%2Fcomments&post=6681"}],"version-history":[{"count":2,"href":"https:\/\/gunnarsson.biz\/blogg\/index.php?rest_route=\/wp\/v2\/posts\/6681\/revisions"}],"predecessor-version":[{"id":6683,"href":"https:\/\/gunnarsson.biz\/blogg\/index.php?rest_route=\/wp\/v2\/posts\/6681\/revisions\/6683"}],"wp:attachment":[{"href":"https:\/\/gunnarsson.biz\/blogg\/index.php?rest_route=%2Fwp%2Fv2%2Fmedia&parent=6681"}],"wp:term":[{"taxonomy":"category","embeddable":true,"href":"https:\/\/gunnarsson.biz\/blogg\/index.php?rest_route=%2Fwp%2Fv2%2Fcategories&post=6681"},{"taxonomy":"post_tag","embeddable":true,"href":"https:\/\/gunnarsson.biz\/blogg\/index.php?rest_route=%2Fwp%2Fv2%2Ftags&post=6681"}],"curies":[{"name":"wp","href":"https:\/\/api.w.org\/{rel}","templated":true}]}}