{"id":6557,"date":"2021-09-19T16:15:45","date_gmt":"2021-09-19T14:15:45","guid":{"rendered":"https:\/\/gunnarsson.biz\/blogg\/?p=6557"},"modified":"2021-09-19T16:20:21","modified_gmt":"2021-09-19T14:20:21","slug":"kyrkovalet-idag","status":"publish","type":"post","link":"https:\/\/gunnarsson.biz\/blogg\/?p=6557","title":{"rendered":"Kyrkovalet idag.."},"content":{"rendered":"<p>Hej igen, ser att det g\u00e5tt en tid sedan senaste blogginl\u00e4gget. Ja det \u00e4r v\u00e4l bara att inse att jag inte prioriterar detta s\u00e5 h\u00f6gt l\u00e4ngre, eller s\u00e5 h\u00e4nder det helt enkelt f\u00f6r lite som kan t\u00e4nkas v\u00e4rt att dela med sig av. N\u00e5v\u00e4l, idag har jag liksom flera andra varit och nyttjat min r\u00e4tt att r\u00f6sta om vem\/vilka som skall f\u00e5 f\u00f6retr\u00e4da mig i kyrkliga \u00e4renden.<\/p>\n<p>Fick ett kuvert med valblanketter h\u00e4romveckan som jag t\u00e4nkte ta med mig ner p\u00e5 Forum d\u00e4r vallokalen var, fast det gl\u00f6mde jag hemma.<br \/>\n<img loading=\"lazy\" decoding=\"async\" class=\"alignnone size-medium\" src=\"https:\/\/gunnarsson.biz\/pictures_blogg\/0_2021\/20210919\/valblanketter.jpg\" width=\"579\" height=\"413\" \/><br \/>\nMaskerade vilket parti det g\u00e4llde, man vill ju vara lite anonym ocks\u00e5 s\u00e5 ingen vet vad man r\u00f6star p\u00e5.<\/p>\n<p>Kikade som hastigast i kuvertet d\u00e4r r\u00f6stkortet l\u00e5g f\u00f6r att se vilka tider det var \u00f6ppet, snappade upp n\u00e5got som vid hastig anblick s\u00e5g ut att vara &#8221;\u00f6ppet mellan Kl.11.00 &#8211; 13.00, vilket jag senare uppt\u00e4ckte var &#8221;St\u00e4ngt mellan 11.00 &#8211; 13.00&#8221;. \u00c5kte glad i h\u00e5gen iv\u00e4g vis 11.15 f\u00f6r att nyttja min r\u00e4tt att r\u00f6sta, men det var ju bara att v\u00e4nda hem igen.<\/p>\n<p>Ja, vad g\u00f6r man?<br \/>\nJag \u00e5kte iaf hem en stund och fikade lite, kikade p\u00e5 hur man skulle kunna bygga ett tak p\u00e5 sidan om garaget f\u00f6r vinterf\u00f6rvaring av gr\u00e4sklippare, utem\u00f6bler mm.<br \/>\nKlockan ramlade ganska snabbt fram till 13.00 iaf, och d\u00e5 var det bara att ta p\u00e5 sig den diskreta kepsen och dra ner p\u00e5 Folkets Hus igen.<br \/>\n<img loading=\"lazy\" decoding=\"async\" class=\"alignnone size-medium\" src=\"https:\/\/gunnarsson.biz\/pictures_blogg\/0_2021\/20210919\/valkeps.jpg\" width=\"588\" height=\"598\" \/><\/p>\n<p>Den h\u00e4r g\u00e5ngen stod det iaf n\u00e5gra bilar d\u00e4r nere s\u00e5 det var \u00f6ppet och klart f\u00f6r r\u00f6stning s.a.s.<\/p>\n<p><img loading=\"lazy\" decoding=\"async\" class=\"alignnone size-medium\" src=\"https:\/\/gunnarsson.biz\/pictures_blogg\/0_2021\/20210919\/vallokal.jpg\" width=\"603\" height=\"606\" \/><br \/>\nN\u00e4r jag kom in hade jag bara 3 personer f\u00f6re mig s\u00e5 jag fick v\u00e4nta lite, pandemin \u00e4r ju inte \u00f6ver \u00e4n s\u00e5 det \u00e4r bara att tacka n\u00e4r det \u00e4r lite folk p\u00e5 st\u00e4llen man bes\u00f6ker.<br \/>\nN\u00e4r jag var r\u00f6stad och klar blev jag kvar i lokalen en stund, det var bara 3 pers d\u00e4r, och d\u00e5 r\u00f6str\u00e4knare\/funktion\u00e4rer och s\u00e5nt. K\u00e4nde ju alla 3 s\u00e5 det blev naturligt att byta n\u00e5gra ord med dom eftersom man s\u00e4llan setts senaste 1,5 \u00e5ren p.g.a denna j\u00e4kla pandemi.<\/p>\n<p>Ja nu f\u00e5r vi v\u00e4l se hur det g\u00e5r, man f\u00e5r v\u00e4l hoppas att nynazisterna i SD och kn\u00e4ppl\u00e4pparna AfS inte f\u00e5r n\u00e5got inflytande i kyrkan den h\u00e4r g\u00e5ngen heller.<\/p>\n<p>Ha en trevlig s\u00f6ndag nu allihopa.<\/p>\n","protected":false},"excerpt":{"rendered":"<p>Hej igen, ser att det g\u00e5tt en tid sedan senaste blogginl\u00e4gget. Ja det \u00e4r v\u00e4l bara att inse att jag inte prioriterar detta s\u00e5 h\u00f6gt l\u00e4ngre, eller s\u00e5 h\u00e4nder det helt enkelt f\u00f6r lite som kan t\u00e4nkas v\u00e4rt att dela &hellip; <a href=\"https:\/\/gunnarsson.biz\/blogg\/?p=6557\">Forts\u00e4tt l\u00e4sa <span class=\"meta-nav\">&rarr;<\/span><\/a><\/p>\n","protected":false},"author":92,"featured_media":0,"comment_status":"open","ping_status":"open","sticky":false,"template":"","format":"standard","meta":{"footnotes":""},"categories":[2,5],"tags":[1127,1126,57,307,904,58,191,1128],"class_list":["post-6557","post","type-post","status-publish","format-standard","hentry","category-egna-funderingar","category-politik","tag-folkets-hus-ljungaverk","tag-kyrkoval-2021","tag-s","tag-sap","tag-sten-ove-danielsson","tag-v","tag-val","tag-visk"],"_links":{"self":[{"href":"https:\/\/gunnarsson.biz\/blogg\/index.php?rest_route=\/wp\/v2\/posts\/6557","targetHints":{"allow":["GET"]}}],"collection":[{"href":"https:\/\/gunnarsson.biz\/blogg\/index.php?rest_route=\/wp\/v2\/posts"}],"about":[{"href":"https:\/\/gunnarsson.biz\/blogg\/index.php?rest_route=\/wp\/v2\/types\/post"}],"author":[{"embeddable":true,"href":"https:\/\/gunnarsson.biz\/blogg\/index.php?rest_route=\/wp\/v2\/users\/92"}],"replies":[{"embeddable":true,"href":"https:\/\/gunnarsson.biz\/blogg\/index.php?rest_route=%2Fwp%2Fv2%2Fcomments&post=6557"}],"version-history":[{"count":3,"href":"https:\/\/gunnarsson.biz\/blogg\/index.php?rest_route=\/wp\/v2\/posts\/6557\/revisions"}],"predecessor-version":[{"id":6561,"href":"https:\/\/gunnarsson.biz\/blogg\/index.php?rest_route=\/wp\/v2\/posts\/6557\/revisions\/6561"}],"wp:attachment":[{"href":"https:\/\/gunnarsson.biz\/blogg\/index.php?rest_route=%2Fwp%2Fv2%2Fmedia&parent=6557"}],"wp:term":[{"taxonomy":"category","embeddable":true,"href":"https:\/\/gunnarsson.biz\/blogg\/index.php?rest_route=%2Fwp%2Fv2%2Fcategories&post=6557"},{"taxonomy":"post_tag","embeddable":true,"href":"https:\/\/gunnarsson.biz\/blogg\/index.php?rest_route=%2Fwp%2Fv2%2Ftags&post=6557"}],"curies":[{"name":"wp","href":"https:\/\/api.w.org\/{rel}","templated":true}]}}