{"id":6506,"date":"2021-06-20T15:53:25","date_gmt":"2021-06-20T13:53:25","guid":{"rendered":"http:\/\/gunnarsson.biz\/blogg\/?p=6506"},"modified":"2021-06-20T16:57:18","modified_gmt":"2021-06-20T14:57:18","slug":"vad-ar-det-som-hander-och-varfor","status":"publish","type":"post","link":"https:\/\/gunnarsson.biz\/blogg\/?p=6506","title":{"rendered":"Vad \u00e4r det som h\u00e4nder, och varf\u00f6r??"},"content":{"rendered":"<p><iframe loading=\"lazy\" style=\"border: none; overflow: hidden;\" src=\"https:\/\/www.facebook.com\/plugins\/video.php?height=314&amp;href=https%3A%2F%2Fwww.facebook.com%2Fndadgostar%2Fvideos%2F543179640009561%2F&amp;show_text=false&amp;width=560&amp;t=0\" width=\"560\" height=\"314\" frameborder=\"0\" scrolling=\"no\" allowfullscreen=\"allowfullscreen\"><\/iframe><\/p>\n<p>Ja, vi backar bandet till januari 2019 n\u00e4r sverige fortfarande saknade en regering. D\u00e5 gick SAP till V f\u00f6r att f\u00e5 deras st\u00f6d f\u00f6r en regeringsbildning med S och MP, st\u00f6dda av C och L i den sk. januariavtalet. Villkoret var att V skulle h\u00e5llas utanf\u00f6r allt inflytande, vilket i mitt tycke var rej\u00e4lt magstarkt. V accepterade och lade fram ett villkor och l\u00f6fte, b\u00f6rjar man tafsa p\u00e5 LAS och inf\u00f6r marknadshyror s\u00e5 kommer man att g\u00f6ra vad man kan f\u00f6r att avs\u00e4tta L\u00f6fven och regeringen. H\u00e4r kan man h\u00f6ra vad Jonas Sj\u00f6stedt f\u00f6rklarade p\u00e5 nyheterna i januari 2019:<br \/>\n<iframe loading=\"lazy\" title=\"YouTube video player\" src=\"https:\/\/www.youtube.com\/embed\/5gJa92ASeLw?start=15\" width=\"560\" height=\"315\" frameborder=\"0\" allowfullscreen=\"allowfullscreen\"><\/iframe><br \/>\nHur gick det sedan?<br \/>\nJo, regeringen b\u00f6rjar prata marknadshyror, i f\u00f6rsta skedet fri hyress\u00e4ttning p\u00e5 nybyggen. Sen???? Vad vet man, s\u00e5 sm\u00e5ningom finns det fler nybyggen med fri hyress\u00e4ttning.<br \/>\nTisdagen den 15 Juni kom V med ultimatum, <a href=\"https:\/\/www.svt.se\/nyheter\/inrikes\/efter-hotet-om-misstroende-vansterpartiet-kallar-till-presstraff\" target=\"_blank\" rel=\"noopener\">slopa f\u00f6rslaget om fri hyress\u00e4ttning eller inled nya f\u00f6rhandlingar med Hyresg\u00e4stf\u00f6reningen.<\/a><br \/>\n<em>&#8221;Tidsfristen l\u00f6per ut klockan 10 p\u00e5 torsdag. Om regeringen inte accepterar n\u00e5got av alternativen kommer man att g\u00e5 vidare med en ny process om ett misstroende, meddelar Dadgostar.&#8221;<\/em><\/p>\n<p><a href=\"https:\/\/www.svt.se\/nyheter\/inrikes\/efter-v-s-ultimatum-regeringen-haller-presstraff-om-marknadshyror\" target=\"_blank\" rel=\"noopener\">Vad g\u00f6r d\u00e5 regeringen<\/a>? Jo, man skickar fram <a href=\"https:\/\/www.dn.se\/sverige\/16-15-presstraff-med-morgan-johansson\/\" target=\"_blank\" rel=\"noopener\">Morgan Johansson samma dag f\u00f6r att f\u00f6rs\u00f6ka svartm\u00e5la och vara allm\u00e4nt obstinat och nedl\u00e5tande mot V i en presstr\u00e4ff i TV<\/a>.<br \/>\n<img loading=\"lazy\" decoding=\"async\" class=\"alignnone size-medium\" src=\"https:\/\/cached-images.bonnier.news\/swift\/bilder\/mly\/28ef5f14-43ac-4812-a914-32561d8344c9.jpeg?interpolation=lanczos-none&amp;fit=around%7C1540:867&amp;crop=1540:h;center,top&amp;output-quality=60&amp;output-format=auto\" width=\"1540\" height=\"867\" \/><\/p>\n<p>Torsdag den 17 Juni n\u00e4r fristen g\u00e5r ut h\u00e4nder v\u00e4l inget speciellt vad det g\u00e4ller S och V, man nonchalerar helt enkelt och f\u00f6rlitar sig p\u00e5 att V skall vika sig och agera d\u00f6rrmatta. Meningen var v\u00e4l att V under dagen eller p\u00e5 fredagen skulle starta det byr\u00e5kratiska kring misstroendef\u00f6rklaringen, men d\u00e5 passade det av <a href=\"https:\/\/gunnarsson.biz\/blogg\/?p=5479\" target=\"_blank\" rel=\"noopener\">nazister grundade SD<\/a> p\u00e5 att <a href=\"https:\/\/sverigesradio.se\/artikel\/sverigedemokraterna-begar-omrostning-om-en-misstroendeforklaring\" target=\"_blank\" rel=\"noopener\">g\u00f6ra detta f\u00f6re V<\/a>.<br \/>\n<img loading=\"lazy\" decoding=\"async\" class=\"alignnone size-medium\" src=\"https:\/\/static-cdn.sr.se\/images\/83\/fd41da27-bdb2-4e17-833d-18b99c32305a.jpg?preset=1024x576&amp;format=webp\" width=\"1024\" height=\"576\" \/><\/p>\n<p>Idag kallade statsminister Stefan L\u00f6fven och centerns Annie L\u00f6\u00f6f till presskonferens ang\u00e5ende V&#8217;s &#8221;hot&#8221; s\u00e5d\u00e4r 3 dygn efter deadline i torsdags Kl.10.00.<br \/>\n<img loading=\"lazy\" decoding=\"async\" class=\"alignnone size-medium\" src=\"http:\/\/gunnarsson.biz\/pictures_blogg\/0_2021\/20210620\/SoA_presskonf.jpg\" width=\"556\" height=\"327\" \/><br \/>\nH\u00e4r meddelar man att man delvis g\u00e5r med p\u00e5 ett av V&#8217;s i tisdags st\u00e4llda villkor.<br \/>\nVillkoren f\u00f6r att inte rikta misstroende var att endera helt enkelt skrota punkt 44 g\u00e4llande marknadshyror, alternativt inleda f\u00f6rhandlingar med hyresg\u00e4stf\u00f6reningen ist\u00e4llet f\u00f6r tidigare erbjudna &#8221;samtal&#8221;.<br \/>\nVad man nu idag erbj\u00f6d var att hyresg\u00e4stf\u00f6reningen skulle f\u00e5 sitta med och f\u00f6rhandla, med det villkoret att om f\u00f6rhandlingarna inte resulterade i n\u00e5got s\u00e5 tar regeringen \u00f6ver och formulerar en lag. Detta \u00e4r inte vad V eller jag sj\u00e4lv anser vara shysst och ok som f\u00f6rhandlingsvillkor. Det inneb\u00e4r att hyresv\u00e4rdarna i princip kan s\u00e4tta sig med armarna i kors och bara s\u00e4ga nej till allt och sedan f\u00e5 igenom sina villkor via regeringen och ny lag. Ja, en j\u00e4kla teater bara.<br \/>\n<img loading=\"lazy\" decoding=\"async\" class=\"alignnone size-medium\" src=\"http:\/\/gunnarsson.biz\/pictures_blogg\/0_2021\/20210620_2\/2_nooshi.jpg\" width=\"540\" height=\"606\" \/><br \/>\n<img loading=\"lazy\" decoding=\"async\" class=\"alignnone size-medium\" src=\"http:\/\/gunnarsson.biz\/pictures_blogg\/0_2021\/20210620_2\/1_nooshi.jpg\" width=\"540\" height=\"572\" \/><br \/>\n<img loading=\"lazy\" decoding=\"async\" class=\"alignnone size-medium\" src=\"http:\/\/gunnarsson.biz\/pictures_blogg\/0_2021\/20210620_2\/3_nooshi.jpg\" width=\"540\" height=\"732\" \/><br \/>\nSenare idag f\u00f6rv\u00e4ntas Nooshi och V h\u00e5lla en presskonferens d\u00e4r jag f\u00f6ruts\u00e4tter att V st\u00e5r kvar vid sin st\u00e5ndpunkt och <a href=\"https:\/\/amp.svt.se\/nyheter\/inrikes\/statsminister-stefan-lofven-s-och-annie-loof-c-haller-presstraff\" target=\"_blank\" rel=\"noopener\">f\u00e4ller Statsministern och sittande regering imorgon ifall inte punkt 44 tas bort helt<\/a>.<\/p>\n<p class=\"article__headline article__headline\"><a href=\"https:\/\/www.di.se\/nyheter\/dadgostar-ovardigt-av-regeringen-punkt-44-maste-strykas\/\" target=\"_blank\" rel=\"noopener\">&#8221;Dadgostar: Ov\u00e4rdigt av regeringen \u2013 punkt 44 m\u00e5ste strykas&#8221;<\/a><br \/>\n<em>&#8221;Om inte regeringen kommer med en ny l\u00f6sning inf\u00f6r m\u00e5ndagens omr\u00f6stning s\u00e5 kommer V\u00e4nsterpartiet att r\u00f6sta f\u00f6r ett misstroende mot Stefan L\u00f6fven. Kravet \u00e4r att punkten om hyrorna i januariavtalet stryks.&#8221;<\/em><\/p>\n<p>Personligen tycker jag det \u00e4r snudd p\u00e5 patetiskt att h\u00f6ra gamla sossar och Annie L\u00f6\u00f6f yra om att V krokat arm med SD i det h\u00e4r fallet och att V f\u00f6rtj\u00e4nar f\u00f6rakt, spott och spe f\u00f6r detta.<\/p>\n<p>Sanningen \u00e4r v\u00e4l den att V lagt sig alldeles f\u00f6r platta f\u00f6r S, MP, C och L f\u00f6r att de skulle kunna f\u00e5 till st\u00e5nd en regering med C och L som st\u00f6dpartier. Vad fick V f\u00f6r detta? Intet, dom fick d\u00e4remot en klausul i januariavtalet att dom skulle ha noll inflytande. \u00c4r det ett parti som tagit ansvar och offrat sig f\u00f6r sittande regering s\u00e5 \u00e4r det v\u00e4l V.<br \/>\nOch tacken f\u00f6r det \u00e4r? Ja, en utm\u00e5lning fr\u00e5n gammelsossarna och centern som SD-kramare. Att V med st\u00f6rsta sannolikhet kommer att r\u00f6sta bort sittande statsminister i morgon beror p\u00e5 att dom lovat detta f\u00f6r snart 2,5 \u00e5r sedan, det handlar inte om att man sympatiserar med SD. Att p\u00e5st\u00e5 s\u00e5dant trams \u00e4r \u00e4r ju rent sjukligt l\u00f6jligt, S kan b\u00e4ttre \u00e4n s\u00e5 kan man tycka, eller \u00e4r det en ny niv\u00e5 man h\u00e5ller f\u00f6r att slippa ansvaret som f\u00f6ljer \u00e4ven n\u00e4r det stormar?<\/p>\n<p>Jag vill inflika att jag flera g\u00e5nger r\u00f6stat S och tycker att de bortsett denna fad\u00e4s sk\u00f6tt sig riktigt bra, men nu b\u00f6rjar det dra alldeles f\u00f6r l\u00e5ngt \u00e5t h\u00f6ger f\u00f6r att jag ska ta S i f\u00f6rsvar. Ett arbetarparti skall verka f\u00f6r arbetare, borgerlig politik kan borgarna f\u00e5 sk\u00f6ta.<\/p>\n<p>Vild gissning, S kommer med ett k\u00f6ttben och en till presskonferens innan m\u00f6rkret faller.<\/p>\n","protected":false},"excerpt":{"rendered":"<p>Ja, vi backar bandet till januari 2019 n\u00e4r sverige fortfarande saknade en regering. D\u00e5 gick SAP till V f\u00f6r att f\u00e5 deras st\u00f6d f\u00f6r en regeringsbildning med S och MP, st\u00f6dda av C och L i den sk. januariavtalet. Villkoret &hellip; <a href=\"https:\/\/gunnarsson.biz\/blogg\/?p=6506\">Forts\u00e4tt l\u00e4sa <span class=\"meta-nav\">&rarr;<\/span><\/a><\/p>\n","protected":false},"author":92,"featured_media":0,"comment_status":"open","ping_status":"open","sticky":false,"template":"","format":"standard","meta":{"footnotes":""},"categories":[2,5],"tags":[],"class_list":["post-6506","post","type-post","status-publish","format-standard","hentry","category-egna-funderingar","category-politik"],"_links":{"self":[{"href":"https:\/\/gunnarsson.biz\/blogg\/index.php?rest_route=\/wp\/v2\/posts\/6506","targetHints":{"allow":["GET"]}}],"collection":[{"href":"https:\/\/gunnarsson.biz\/blogg\/index.php?rest_route=\/wp\/v2\/posts"}],"about":[{"href":"https:\/\/gunnarsson.biz\/blogg\/index.php?rest_route=\/wp\/v2\/types\/post"}],"author":[{"embeddable":true,"href":"https:\/\/gunnarsson.biz\/blogg\/index.php?rest_route=\/wp\/v2\/users\/92"}],"replies":[{"embeddable":true,"href":"https:\/\/gunnarsson.biz\/blogg\/index.php?rest_route=%2Fwp%2Fv2%2Fcomments&post=6506"}],"version-history":[{"count":7,"href":"https:\/\/gunnarsson.biz\/blogg\/index.php?rest_route=\/wp\/v2\/posts\/6506\/revisions"}],"predecessor-version":[{"id":6513,"href":"https:\/\/gunnarsson.biz\/blogg\/index.php?rest_route=\/wp\/v2\/posts\/6506\/revisions\/6513"}],"wp:attachment":[{"href":"https:\/\/gunnarsson.biz\/blogg\/index.php?rest_route=%2Fwp%2Fv2%2Fmedia&parent=6506"}],"wp:term":[{"taxonomy":"category","embeddable":true,"href":"https:\/\/gunnarsson.biz\/blogg\/index.php?rest_route=%2Fwp%2Fv2%2Fcategories&post=6506"},{"taxonomy":"post_tag","embeddable":true,"href":"https:\/\/gunnarsson.biz\/blogg\/index.php?rest_route=%2Fwp%2Fv2%2Ftags&post=6506"}],"curies":[{"name":"wp","href":"https:\/\/api.w.org\/{rel}","templated":true}]}}