{"id":6496,"date":"2021-06-20T10:57:07","date_gmt":"2021-06-20T08:57:07","guid":{"rendered":"http:\/\/gunnarsson.biz\/blogg\/?p=6496"},"modified":"2021-06-20T13:12:48","modified_gmt":"2021-06-20T11:12:48","slug":"presskonferens-med-lofven-och-loof-kl-11-00","status":"publish","type":"post","link":"https:\/\/gunnarsson.biz\/blogg\/?p=6496","title":{"rendered":"Presskonferens med L\u00f6fven och L\u00f6\u00f6f Kl.11.00"},"content":{"rendered":"<p>Kl.10.55<br \/>\nMmmm, s\u00e5 h\u00e4r 5 minuter f\u00f6re gissar jag att man skall ber\u00e4tta att man l\u00e4gger ner tokerierna med smyginf\u00f6rande av marknadshyror. Annars finns det v\u00e4l egentligen ingen anledning att kalla till presskonferens dagen f\u00f6re misstroendeomr\u00f6stningen.<br \/>\n&#8212;&#8212;&#8212;&#8212;&#8212;&#8212;&#8212;&#8212;&#8212;&#8212;&#8212;&#8212;&#8212;&#8212;&#8212;&#8212;&#8212;&#8212;&#8212;&#8212;&#8212;&#8212;&#8212;&#8212;&#8212;&#8212;&#8212;&#8212;-<\/p>\n<p>Update: Kl.12.25<\/p>\n<p>Mja, helt fel ute var jag ju inte, men det d\u00e4r duger inte. Nu har nog S och C varit alldeles f\u00f6r styva i korken f\u00f6r att r\u00e4dda regeringen, blir med st\u00f6rsta sannolikhet foten f\u00f6r denna regering imorgon.<br \/>\nG\u00f6r ett l\u00e4ngre inl\u00e4gg om detta senare idag.<\/p>\n","protected":false},"excerpt":{"rendered":"<p>Kl.10.55 Mmmm, s\u00e5 h\u00e4r 5 minuter f\u00f6re gissar jag att man skall ber\u00e4tta att man l\u00e4gger ner tokerierna med smyginf\u00f6rande av marknadshyror. Annars finns det v\u00e4l egentligen ingen anledning att kalla till presskonferens dagen f\u00f6re misstroendeomr\u00f6stningen. &#8212;&#8212;&#8212;&#8212;&#8212;&#8212;&#8212;&#8212;&#8212;&#8212;&#8212;&#8212;&#8212;&#8212;&#8212;&#8212;&#8212;&#8212;&#8212;&#8212;&#8212;&#8212;&#8212;&#8212;&#8212;&#8212;&#8212;&#8212;- Update: Kl.12.25 Mja, &hellip; <a href=\"https:\/\/gunnarsson.biz\/blogg\/?p=6496\">Forts\u00e4tt l\u00e4sa <span class=\"meta-nav\">&rarr;<\/span><\/a><\/p>\n","protected":false},"author":92,"featured_media":0,"comment_status":"open","ping_status":"open","sticky":false,"template":"","format":"standard","meta":{"footnotes":""},"categories":[2,5],"tags":[],"class_list":["post-6496","post","type-post","status-publish","format-standard","hentry","category-egna-funderingar","category-politik"],"_links":{"self":[{"href":"https:\/\/gunnarsson.biz\/blogg\/index.php?rest_route=\/wp\/v2\/posts\/6496","targetHints":{"allow":["GET"]}}],"collection":[{"href":"https:\/\/gunnarsson.biz\/blogg\/index.php?rest_route=\/wp\/v2\/posts"}],"about":[{"href":"https:\/\/gunnarsson.biz\/blogg\/index.php?rest_route=\/wp\/v2\/types\/post"}],"author":[{"embeddable":true,"href":"https:\/\/gunnarsson.biz\/blogg\/index.php?rest_route=\/wp\/v2\/users\/92"}],"replies":[{"embeddable":true,"href":"https:\/\/gunnarsson.biz\/blogg\/index.php?rest_route=%2Fwp%2Fv2%2Fcomments&post=6496"}],"version-history":[{"count":7,"href":"https:\/\/gunnarsson.biz\/blogg\/index.php?rest_route=\/wp\/v2\/posts\/6496\/revisions"}],"predecessor-version":[{"id":6505,"href":"https:\/\/gunnarsson.biz\/blogg\/index.php?rest_route=\/wp\/v2\/posts\/6496\/revisions\/6505"}],"wp:attachment":[{"href":"https:\/\/gunnarsson.biz\/blogg\/index.php?rest_route=%2Fwp%2Fv2%2Fmedia&parent=6496"}],"wp:term":[{"taxonomy":"category","embeddable":true,"href":"https:\/\/gunnarsson.biz\/blogg\/index.php?rest_route=%2Fwp%2Fv2%2Fcategories&post=6496"},{"taxonomy":"post_tag","embeddable":true,"href":"https:\/\/gunnarsson.biz\/blogg\/index.php?rest_route=%2Fwp%2Fv2%2Ftags&post=6496"}],"curies":[{"name":"wp","href":"https:\/\/api.w.org\/{rel}","templated":true}]}}