{"id":6109,"date":"2019-09-13T12:14:43","date_gmt":"2019-09-13T10:14:43","guid":{"rendered":"http:\/\/gunnarsson.biz\/blogg\/?p=6109"},"modified":"2019-09-13T12:22:28","modified_gmt":"2019-09-13T10:22:28","slug":"gardagens-snackis","status":"publish","type":"post","link":"https:\/\/gunnarsson.biz\/blogg\/?p=6109","title":{"rendered":"G\u00e5rdagens snackis.."},"content":{"rendered":"\n<p>Ja, det b\u00f6rjade med ett litet rykte som ST v\u00e4drade ig\u00e5r morse, iofs hade det florerat bland folk ett par dar \u00e4ven bland folk som inte \u00e4r politiskt engagerade som t.ex jag.<br \/><br \/><strong>ST:<a href=\"https:\/\/www.st.nu\/artikel\/uppgifter-erik-lovgren-s-blir-nytt-kommunalrad-i-ange\"> &#8221;Uppgifter: Erik L\u00f6vgren (S) blir nytt kommunalr\u00e5d i \u00c5nge&#8221;<\/a><\/strong><br \/><em>&#8221;Sedan tidigare \u00e4r det klart att Sten-Ove Danielsson (S) l\u00e4mnar sin stol som kommunalr\u00e5d i \u00c5nge efter 20 \u00e5r. <\/em><br \/><em>Det mesta pekar p\u00e5 att f\u00f6re detta regionr\u00e5det Erik L\u00f6vgren (S) g\u00f6r politisk comeback. Han har nominerats att ta \u00f6ver som kommunalr\u00e5d.&#8221;<\/em> <\/p>\n\n\n<p><strong>ST:<\/strong> &#8221;Mymlan&#8221; gjorde ett intressant inl\u00e4gg i \u00e4mnet:<br \/><a href=\"https:\/\/www.st.nu\/artikel\/sofia-mirjamsdotter-erik-lovgren-s-har-en-stor-kostym-att-fylla-nar-han-tar-over-efter-sten-ove-danielsson\"><strong>&#8221;Sofia Mirjamsdotter: Erik L\u00f6vgren (S) har en stor kostym att fylla n\u00e4r han tar \u00f6ver efter Sten-Ove Danielsson&#8221;<\/strong><\/a><br \/><em>&#8221;Det mesta tyder p\u00e5 att Erik L\u00f6vgren blir den som tar \u00f6ver som kommunalr\u00e5d efter Sten-Ove Danielsson som l\u00e4mnar efter 20 \u00e5r p\u00e5 posten. &#8221;<\/em><\/p>\n\n\n<div class=\"wp-block-image\"><figure class=\"aligncenter is-resized\"><img loading=\"lazy\" decoding=\"async\" src=\"https:\/\/bildix.mmcloud.se\/bildix\/api\/images\/Y9m1HCAJ73jp2f0i5H84kuYtnfE.jpeg?fit=crop&amp;w=300\" alt=\"\" width=\"365\" height=\"241\"\/><figcaption>Hotlink fr\u00e5n ST<\/figcaption><\/figure><\/div>\n\n\n<p><strong>ST:<\/strong> Erik sj\u00e4lv uttalar sig:<br \/><a href=\"https:\/\/www.st.nu\/artikel\/erik-lovgren-om-rollen-som-anges-nya-kommunalrad-lockande-och-roligt\"><strong>&#8221;Erik L\u00f6vgren om rollen som \u00c5nges nya kommunalr\u00e5d: &#8221;Lockande och roligt&#8221;<\/strong><\/a><br \/><em>&#8221; \u2013 Det \u00e4r en tung mantel att ta \u00f6ver, men lockande och roligt, s\u00e4ger han.&#8221;<\/em><br \/><em>&#8221; \u2013 Ingenting \u00e4r f\u00e4rdigt f\u00f6rr\u00e4n partiet v\u00e4ljer ny ordf\u00f6rande i oktober, men det \u00e4r s\u00e5 klart j\u00e4tteroligt att f\u00e5 det h\u00e4r st\u00f6det fr\u00e5n partikamraterna, s\u00e4ger Erik L\u00f6vgren.&#8221;<\/em><\/p>\n\n\n<div class=\"wp-block-image\"><figure class=\"aligncenter is-resized\"><img loading=\"lazy\" decoding=\"async\" src=\"https:\/\/bildix.mmcloud.se\/bildix\/api\/images\/dhiFdWjFt5gAocJo5Bx54ASiOpA.jpeg?fit=crop&amp;w=300\" alt=\"\" width=\"388\" height=\"259\"\/><figcaption>Hotlink fr\u00e5n ST<\/figcaption><\/figure><\/div>\n\n\n<p>Sj\u00e4lv noterar jag att det \u00e4r m\u00e5nga icke socialdemokrater som \u00e4r engagerade i hur och att SAP \u00c5nge nominerat en socialdemokrat som ers\u00e4ttare till ett socialdemokratiskt kommunalr\u00e5d. Jag har sett en hel del tokiga f\u00f6rslag, \u00f6nskem\u00e5l och kritiska inl\u00e4gg, en menar att det rimligtvis i demokratisk anda skulle folkomr\u00f6stas i fr\u00e5gan om nytt kommunalr\u00e5d, en annan att en moderat eller en avhoppad SD&#8217;are och numera representant f\u00f6r det lilla tramspartiet LPO (27 r\u00f6ster i valet 2018). Andra r\u00f6ster menar att SAP borde ha nominerat en person fr\u00e5n V, en annan kritiserade att Erik inte var en kvinna. Jaja, vill man vara med och p\u00e5verka vad SAP \u00c5nge skall nominera s\u00e5 tror jag nog man b\u00f6r engagera sig i SAP \u00c5nge och vara med och ta fram kandidater som tilltalar en sj\u00e4lv, eljest k\u00e4nns det nog mest bara patetiskt n\u00e4r andra \u00e4n medlemmar och representanter f\u00f6r SAP vill vara med och best\u00e4mma.<\/p>\n<p>Ja, det var v\u00e4l min tekopp i fr\u00e5gan, ha nu en trevlig helg och unna dig sj\u00e4lv och de dina det d\u00e4r lilla extra i h\u00f6stm\u00f6rkret.<\/p>","protected":false},"excerpt":{"rendered":"<p>Ja, det b\u00f6rjade med ett litet rykte som ST v\u00e4drade ig\u00e5r morse, iofs hade det florerat bland folk ett par dar \u00e4ven bland folk som inte \u00e4r politiskt engagerade som t.ex jag. ST: &#8221;Uppgifter: Erik L\u00f6vgren (S) blir nytt kommunalr\u00e5d &hellip; <a href=\"https:\/\/gunnarsson.biz\/blogg\/?p=6109\">Forts\u00e4tt l\u00e4sa <span class=\"meta-nav\">&rarr;<\/span><\/a><\/p>\n","protected":false},"author":92,"featured_media":0,"comment_status":"open","ping_status":"open","sticky":false,"template":"","format":"standard","meta":{"footnotes":""},"categories":[2,5],"tags":[273,903,902,901,307,900,547,904,905],"class_list":["post-6109","post","type-post","status-publish","format-standard","hentry","category-egna-funderingar","category-politik","tag-ange","tag-erik-lovgren","tag-kommunalrad","tag-patetiska-ting","tag-sap","tag-socialdemokraterna","tag-st","tag-sten-ove-danielsson","tag-sundsvalls-tidning"],"_links":{"self":[{"href":"https:\/\/gunnarsson.biz\/blogg\/index.php?rest_route=\/wp\/v2\/posts\/6109","targetHints":{"allow":["GET"]}}],"collection":[{"href":"https:\/\/gunnarsson.biz\/blogg\/index.php?rest_route=\/wp\/v2\/posts"}],"about":[{"href":"https:\/\/gunnarsson.biz\/blogg\/index.php?rest_route=\/wp\/v2\/types\/post"}],"author":[{"embeddable":true,"href":"https:\/\/gunnarsson.biz\/blogg\/index.php?rest_route=\/wp\/v2\/users\/92"}],"replies":[{"embeddable":true,"href":"https:\/\/gunnarsson.biz\/blogg\/index.php?rest_route=%2Fwp%2Fv2%2Fcomments&post=6109"}],"version-history":[{"count":4,"href":"https:\/\/gunnarsson.biz\/blogg\/index.php?rest_route=\/wp\/v2\/posts\/6109\/revisions"}],"predecessor-version":[{"id":6113,"href":"https:\/\/gunnarsson.biz\/blogg\/index.php?rest_route=\/wp\/v2\/posts\/6109\/revisions\/6113"}],"wp:attachment":[{"href":"https:\/\/gunnarsson.biz\/blogg\/index.php?rest_route=%2Fwp%2Fv2%2Fmedia&parent=6109"}],"wp:term":[{"taxonomy":"category","embeddable":true,"href":"https:\/\/gunnarsson.biz\/blogg\/index.php?rest_route=%2Fwp%2Fv2%2Fcategories&post=6109"},{"taxonomy":"post_tag","embeddable":true,"href":"https:\/\/gunnarsson.biz\/blogg\/index.php?rest_route=%2Fwp%2Fv2%2Ftags&post=6109"}],"curies":[{"name":"wp","href":"https:\/\/api.w.org\/{rel}","templated":true}]}}