{"id":5858,"date":"2018-08-19T12:52:36","date_gmt":"2018-08-19T10:52:36","guid":{"rendered":"http:\/\/gunnarsson.biz\/blogg\/?p=5858"},"modified":"2020-02-01T16:33:52","modified_gmt":"2020-02-01T14:33:52","slug":"en-av-grundarna-till-sd","status":"publish","type":"post","link":"https:\/\/gunnarsson.biz\/blogg\/?p=5858","title":{"rendered":"Lite SD-historia.."},"content":{"rendered":"<p>En av SD&#8217;s grundare, Gustaf Ekstr\u00f6m, SS-veteran:<br \/><iframe loading=\"lazy\" style=\"border: none; overflow: hidden;\" src=\"https:\/\/www.facebook.com\/plugins\/video.php?href=https%3A%2F%2Fwww.facebook.com%2Fsdarlikamedrasiser%2Fvideos%2F1173629969433195%2F&amp;show_text=0&amp;width=476\" width=\"476\" height=\"476\" frameborder=\"0\" scrolling=\"no\" allowfullscreen=\"allowfullscreen\"><\/iframe><\/p>\n<p>Kan varmt rekommendera boken <a href=\"https:\/\/www.bokus.com\/bok\/9789188441041\/utan-anger-gustaf-ekstrom-ss-veteranen-som-grundade-sverigedemokraterna\/?gclid=Cj0KCQjwquTbBRCSARIsADzW88wGeLqIpSl04nsFmM4V_tdmKS6SepaEZ6_Z-Y6Ing3A8qHvNiMnLIsaAvQQEALw_wcB\" target=\"_blank\" rel=\"noopener noreferrer\">Utan \u00e5nger: Gustaf Ekstr\u00f6m &#8211; SS-veteranen som grundade Sverigedemokraterna<\/a><br \/><em>&#8221;Nazisten som var med och grundade Sverigedemokraterna!<\/em><\/p>\n<p><em>Gustaf Ekstr\u00f6m gav sitt liv \u00e5t nazismen. Under 70 \u00e5rs tid befann sig Ekstr\u00f6m mitt i n\u00e5gra av de mest inflytelserika nazistiska organisationerna, i s\u00e5v\u00e4l Sverige som Tyskland. Redan 1926 gick han med i SFKO, Sveriges fascistiska kamporganisation. 1941 ger han sig av som frivillig i Waffen-SS och k\u00e4mpar f\u00f6r att Hitler ska segra under andra v\u00e4rldskriget. Det \u00e4r en resa som tar honom till Oslo, Berlin och skogarna i Karelen&#8221;<\/em><\/p>\n<p>Gustaf Ekstr\u00f6m FD SS-Soldat, en av grundarna och SD&#8217;s f\u00f6rste revisor.<br \/><iframe loading=\"lazy\" src=\"https:\/\/www.youtube.com\/embed\/A4zHlJ8iJdM\" width=\"560\" height=\"315\" frameborder=\"0\" allowfullscreen=\"allowfullscreen\"><\/iframe><\/p>\n<p>Sverigedemokraterna &#8211; Ett parti som alla andra?<br \/><iframe loading=\"lazy\" src=\"https:\/\/www.youtube.com\/embed\/snh4xeL7I3Q\" width=\"560\" height=\"315\" frameborder=\"0\" allowfullscreen=\"allowfullscreen\"><\/iframe><\/p>\n<p>Sanningen om Sverigedemokraterna.<br \/><iframe loading=\"lazy\" src=\"https:\/\/www.youtube.com\/embed\/UaHYbchsP8A\" width=\"560\" height=\"315\" frameborder=\"0\" allowfullscreen=\"allowfullscreen\"><\/iframe><\/p>\n<p>En annan av grundarna, G\u00f6sta Bergqvist:<br \/>Ramp 30\/9 2005 Nationalsocialism G\u00f6sta Bergqvist<br \/><iframe loading=\"lazy\" src=\"https:\/\/www.youtube.com\/embed\/UTsbU1Ozi0Y\" width=\"560\" height=\"315\" frameborder=\"0\" allowfullscreen=\"allowfullscreen\"><\/iframe><\/p>\n<p>SD-toppen p\u00e5 f\u00e4rjan:<br \/><iframe loading=\"lazy\" src=\"https:\/\/www.youtube.com\/embed\/JUYWh7TUF34\" width=\"560\" height=\"315\" frameborder=\"0\" allowfullscreen=\"allowfullscreen\"><\/iframe><br \/>Tjusigt statsmanna\u00e4mne. Ponera att han skulle vara p\u00e5 statsbes\u00f6k och v\u00e4rden f\u00f6r bes\u00f6ket b\u00f6rjar sm\u00e5prata om sverige och Palme.<br \/>&#8211; Hur reagerade herr \u00c5kesson n\u00e4r sveriges statsminister blev m\u00f6rdad p\u00e5 \u00f6ppen gata?<br \/>Njao, inget speciellt. Jag och grabbarna tog en bl\u00e4cka och sj\u00f6ng en nidvisa om honom, det \u00e4r brukligt i v\u00e5ra kretsar.<\/p>\n<p>\u00c5kesson och grabbarna sjunger nidvisa om en m\u00f6rdad statsminister:<\/p>\n\n\n<figure class=\"wp-block-embed-youtube aligncenter wp-block-embed is-type-video is-provider-youtube wp-embed-aspect-4-3 wp-has-aspect-ratio\"><div class=\"wp-block-embed__wrapper\">\n<iframe loading=\"lazy\" title=\"Jimmie A\u030akesson sjunger hatl\u00e5t om Olof Palme\" width=\"584\" height=\"438\" src=\"https:\/\/www.youtube.com\/embed\/msAEPTUlN88?feature=oembed\" frameborder=\"0\" allow=\"accelerometer; autoplay; clipboard-write; encrypted-media; gyroscope; picture-in-picture; web-share\" referrerpolicy=\"strict-origin-when-cross-origin\" allowfullscreen><\/iframe>\n<\/div><figcaption>Statsmannam\u00e4ssigt mane\u00e8r?<\/figcaption><\/figure>\n\n\n\n<p>En sak som m\u00e5nga SD-anh\u00e4ngare tycks negligera \u00e4r det faktum att st\u00f6rre delen av nuvarande partitoppen mycket v\u00e4l k\u00e4nde till SD och deras politik n\u00e4r dom klev in i r\u00f6relsen. SD&#8217;s andre partiledare <a href=\"https:\/\/sv.wikipedia.org\/wiki\/Anders_Klarstr%C3%B6m\" target=\"_blank\" rel=\"noreferrer noopener\">Anders Klarstr\u00f6m<\/a> (FD. NRP) (De f\u00f6rsta var <a href=\"https:\/\/sv.wikipedia.org\/wiki\/Leif_Ericsson\" target=\"_blank\" rel=\"noreferrer noopener\">Leif Ericsson FD:Zeilon<\/a> och <a href=\"https:\/\/expo.se\/arkivet\/2008\/11\/drogs-i-v%C3%A5ldet-som-15-%C3%A5ring\" target=\"_blank\" rel=\"noreferrer noopener\">Jonny Berg<\/a>) hade bl.a d\u00f6mts till dagsb\u00f6ter f\u00f6r att ha mordhotat tv-profilen \u00adHagge Geigert 1986, orden \u201dVi ska br\u00e4nna dig, ditt j\u00e4vla judesvin. Fy fan, ditt \u00e4ckliga lilla judesvin. Passa dig! Vi ska komma och d\u00f6da dig!\u201d skall bl.a ha uttalats.I samma veva efter utredning d\u00f6mdes han ocks\u00e5 f\u00f6r olaga vapeninnehav. Detta \u00e4r bara ett axplock som med stor tydlighet visar vad SD \u00e4r f\u00f6r ett parti.<\/p>\n\n\n\n<p>Vill man veta mer om SD&#8217;s m\u00f6rka historia, eller kanske r\u00e4ttare sagt nutidshistoria s\u00e5 rekommenderar jag Polimasarens artikel i \u00e4mnet: <a href=\"http:\/\/polimasaren.se\/sverigedemokraterna-och-deras-nazistiska-forflutna\/\" target=\"_blank\" rel=\"noreferrer noopener\">Sverigedemokraternas nazistiska historia.<\/a><\/p>\n\n\n\n<p>Detta var allts\u00e5 ett parti som herrarna \u00c5kesson, Jomshof, S\u00f6der och Karlsson drogs till och ans\u00e5g vara ett intressant alternativ f\u00f6r sverige och framtiden?<br \/>Kyss mej i arslet.<\/p>\n\n\n\n<p>Vi kan f\u00f6rresten \u00e4ven plocka in ett dagsf\u00e4rsk rasistuttalande fr\u00e5n en SD-representant: <a href=\"https:\/\/www.aftonbladet.se\/a\/l1jjOk\" target=\"_blank\" rel=\"noreferrer noopener\"><strong>&#8221;SD-kvinnans l\u00e4nk p\u00e5 Facebook: &#8221;Svenskar \u00e4r vita&#8221;&#8221;<\/strong><\/a><br \/><em>&#8221;Ett av Sverigedemokraternas toppnamn till fullm\u00e4ktige i V\u00e4xj\u00f6, Elisabeth Peterson, l\u00e4nkar till en l\u00e5t med refr\u00e4ngen \u201dSvenskar \u00e4r vita och landet \u00e4r v\u00e5rt\u201d.<br \/>Artisten bakom l\u00e5ten samarbetar med Midg\u00e5rd records, som bland annat s\u00e4ljer vit makt-musik.<br \/>N\u00e4r Aftonbladet konfronterar Elisabeth Peterson ger hon sin syn p\u00e5 svenskhet.<br \/>\u2013 Man ska vara f\u00f6dd svensk och ha svenska f\u00f6r\u00e4ldrar, s\u00e4ger hon.&#8221;<\/em><\/p>\n","protected":false},"excerpt":{"rendered":"<p>En av SD&#8217;s grundare, Gustaf Ekstr\u00f6m, SS-veteran: Kan varmt rekommendera boken Utan \u00e5nger: Gustaf Ekstr\u00f6m &#8211; SS-veteranen som grundade Sverigedemokraterna&#8221;Nazisten som var med och grundade Sverigedemokraterna! Gustaf Ekstr\u00f6m gav sitt liv \u00e5t nazismen. Under 70 \u00e5rs tid befann sig Ekstr\u00f6m &hellip; <a href=\"https:\/\/gunnarsson.biz\/blogg\/?p=5858\">Forts\u00e4tt l\u00e4sa <span class=\"meta-nav\">&rarr;<\/span><\/a><\/p>\n","protected":false},"author":92,"featured_media":0,"comment_status":"open","ping_status":"open","sticky":false,"template":"","format":"standard","meta":{"footnotes":""},"categories":[2,5,649],"tags":[71,796,795,638,54,797,206,9,794],"class_list":["post-5858","post","type-post","status-publish","format-standard","hentry","category-egna-funderingar","category-politik","category-tips","tag-akesson","tag-hagge","tag-klarstrom","tag-mordhot","tag-nazister","tag-olaga-vapeninnehav","tag-rasister","tag-sd","tag-zeilon"],"_links":{"self":[{"href":"https:\/\/gunnarsson.biz\/blogg\/index.php?rest_route=\/wp\/v2\/posts\/5858","targetHints":{"allow":["GET"]}}],"collection":[{"href":"https:\/\/gunnarsson.biz\/blogg\/index.php?rest_route=\/wp\/v2\/posts"}],"about":[{"href":"https:\/\/gunnarsson.biz\/blogg\/index.php?rest_route=\/wp\/v2\/types\/post"}],"author":[{"embeddable":true,"href":"https:\/\/gunnarsson.biz\/blogg\/index.php?rest_route=\/wp\/v2\/users\/92"}],"replies":[{"embeddable":true,"href":"https:\/\/gunnarsson.biz\/blogg\/index.php?rest_route=%2Fwp%2Fv2%2Fcomments&post=5858"}],"version-history":[{"count":14,"href":"https:\/\/gunnarsson.biz\/blogg\/index.php?rest_route=\/wp\/v2\/posts\/5858\/revisions"}],"predecessor-version":[{"id":6174,"href":"https:\/\/gunnarsson.biz\/blogg\/index.php?rest_route=\/wp\/v2\/posts\/5858\/revisions\/6174"}],"wp:attachment":[{"href":"https:\/\/gunnarsson.biz\/blogg\/index.php?rest_route=%2Fwp%2Fv2%2Fmedia&parent=5858"}],"wp:term":[{"taxonomy":"category","embeddable":true,"href":"https:\/\/gunnarsson.biz\/blogg\/index.php?rest_route=%2Fwp%2Fv2%2Fcategories&post=5858"},{"taxonomy":"post_tag","embeddable":true,"href":"https:\/\/gunnarsson.biz\/blogg\/index.php?rest_route=%2Fwp%2Fv2%2Ftags&post=5858"}],"curies":[{"name":"wp","href":"https:\/\/api.w.org\/{rel}","templated":true}]}}