{"id":5172,"date":"2016-11-04T13:30:57","date_gmt":"2016-11-04T11:30:57","guid":{"rendered":"http:\/\/gunnarsson.biz\/blogg\/?p=5172"},"modified":"2016-11-04T13:36:37","modified_gmt":"2016-11-04T11:36:37","slug":"sds-fagelklo","status":"publish","type":"post","link":"https:\/\/gunnarsson.biz\/blogg\/?p=5172","title":{"rendered":"SD&#8217;s F\u00e5gelbo.."},"content":{"rendered":"<p>Nu vet jag inte hur m\u00e5nga av er som f\u00f6ljt avsl\u00f6jandena hos <a href=\"https:\/\/www.interasistmen.se\/\" target=\"_blank\">IRM (Inte Rasist Men..)<\/a> om SD&#8217;s man i G\u00f6teborg J\u00f6rgen Fogelklou, men numera torde han vara k\u00e4nd f\u00f6r sina idoga nekanden och kraftfulla f\u00f6rs\u00f6ka att s.a.s kl\u00f6sa sej fast i nuvarande position. Fr\u00e5gan \u00e4r nu om han har n\u00e5gon riktigt bra hake p\u00e5 partitoppen eller om dom offrar honom f\u00f6r &#8221;sakens skull&#8221;.<\/p>\n<p><a href=\"https:\/\/www.interasistmen.se\/\" target=\"_blank\">IRM<\/a> har plockat fram uppgifter som f\u00f6r en vanlig politiker vore tack, adj\u00f6 och politisk begravning p\u00e5 en och samma g\u00e5ng, men i SD-anh\u00e4ngarnas \u00f6gon ter han sej nog mest som likt en i IS-muslimernas \u00f6gon martyr av rang oavsett kl\u00e4ckta idiotiska p\u00e5st\u00e5enden.<br \/>\n<img decoding=\"async\" src=\"http:\/\/cdn01.nyheter24.se\/fe7801f301d8020000\/2014\/11\/27\/1019750\/henkoirm.jpg\" alt=\"\" \/><\/p>\n<p><a href=\"https:\/\/www.interasistmen.se\/granskning\/las-hela-intervjun-med-sd-toppen-det-finns-inga-kopplingar-mellan-mig-och-det-nazistiska-flashbackkontot\/\" target=\"_blank\"><strong>&#8221;L\u00e4s hela intervjun med SD-toppen \u2013 det finns inga kopplingar mellan mig och det nazistiska flashbackkontot&#8221;<\/strong><\/a><br \/>\n<em>&#8221;I denna del av v\u00e5r granskning kommer vi publicera hela den intervju som gjordes med J\u00f6rgen Fogelklou om hans kopplingar till det nazistiska flashbackkontot Afghan. Vi kommer \u00e4ven presentera nya detaljer som framkommit de senaste dagarna, detaljer som visar brister i Fogelklous f\u00f6rklaringar.&#8221;<\/em><\/p>\n<p>Efter att Fogelklou som v\u00e4ntat bl\u00e5nekat l\u00e4gger IRM fram mer kopplingar som tyder p\u00e5 att Fogelklou fabulerar.<br \/>\n<a href=\"https:\/\/www.interasistmen.se\/granskning\/irm-slapper-alla-kopplingar-mellan-sd-toppen-jorgen-fogelklou-och-det-nazistiska-flashbackkontot-afghan\/\" target=\"_blank\"><strong>&#8221;IRM sl\u00e4pper alla kopplingar mellan SD-toppen J\u00f6rgen Fogelklou och det nazistiska flashbackkontot \u201dAfghan\u201d<\/strong><\/a><br \/>\n<em>&#8221;IRM kan nu presentera kopplingar i sin helhet mellan SD-toppen J\u00f6rgen Fogelklou, som var var Jimmie \u00c5kessons h\u00f6gra hand under valr\u00f6relsen 2014, och det nazistiska flashbackkontot \u201dAfghan\u201d. Ett konto som postar v\u00e5ldsromantik om att \u201dutrota negrer\u201d, vill skicka kulor till alla riksdagsledam\u00f6ter f\u00f6rutom SDs, och kommenterar att zyklon-b kunde spara in p\u00e5 utvisningskostnader. Fogelklou nekar best\u00e4mt till anklagelserna att kontot och menar att det inte finns n\u00e5gra kopplingar mellan honom och flashbackkontot.&#8221;<\/em><\/p>\n<p>Fogelklou svarar med ett hot om anm\u00e4lan f\u00f6r f\u00f6rtal:<br \/>\n<a href=\"https:\/\/www.interasistmen.se\/granskning\/fogelklou-hotar-anmala-irm-fortal-nu-slapper-vi-nya-kopplingar-till-flashbackkontot-afghan\/\" target=\"_blank\"><strong>&#8221;Fogelklou hotar anm\u00e4la IRM f\u00f6r f\u00f6rtal \u2013 nu sl\u00e4pper vi nya kopplingar till Flashbackkontot afghan&#8221;<\/strong><\/a><br \/>\n<em>&#8221;Efter v\u00e5r publicering av v\u00e5r utredning av kopplingarna mellan toppolitikern J\u00f6rgen Fogelklou och det nazistiska Flashbackkontot \u201dafghan\u201d, har Fogelklou postat ytterligare en dementi p\u00e5 sin privata Facebookv\u00e4gg. Han har \u00e4ven till media uppgett att han avser att st\u00e4mma oss f\u00f6r f\u00f6rtal f\u00f6r den information vi postat. Med det i \u00e5tanke ger vi er h\u00e4r n\u00e5gra fler av de indicier vi hittills samlat ihop, samt bem\u00f6ter ett par punkter fr\u00e5n hans dementi. \u00c4n en g\u00e5ng vill vi betona att Fogelklou sj\u00e4lv f\u00f6rnekar alla kopplingar till flashbackkontot afghan.&#8221;<\/em><\/p>\n<p>Jag skulle nog p\u00e5st\u00e5 att denna Fogelklou \u00e4r r\u00f6kt som politiker, fast n\u00e4r det g\u00e4ller SD s\u00e5 \u00e4r det ju lite annorlunda spelregler, s\u00e5 vad vet man..<br \/>\n<img decoding=\"async\" src=\"https:\/\/res.cloudinary.com\/coopsverige\/image\/upload\/b_white,fl_progressive,q_90,c_lpad,g_center,h_222,w_222\/v1436773715\/cooponline\/7300156485243.jpg\" alt=\"\" \/><br \/>\nTror Leif G.W Persson sammanfattar Fogelklous f\u00f6rsvar b\u00e4ttre an han sj\u00e4lv&#8230;<br \/>\n<iframe loading=\"lazy\" width=\"640\" height=\"360\" src=\"https:\/\/www.youtube.com\/embed\/bgujPDBmAY0\" frameborder=\"0\" allowfullscreen><\/iframe><\/p>\n<p>En fr\u00e5ga som poppar upp \u00e4r dock varf\u00f6r inte massmedia som #SVT #SR #Aftonbladet #Expressen m.fl n\u00e4mner n\u00e5got om detta.<\/p>\n","protected":false},"excerpt":{"rendered":"<p>Nu vet jag inte hur m\u00e5nga av er som f\u00f6ljt avsl\u00f6jandena hos IRM (Inte Rasist Men..) om SD&#8217;s man i G\u00f6teborg J\u00f6rgen Fogelklou, men numera torde han vara k\u00e4nd f\u00f6r sina idoga nekanden och kraftfulla f\u00f6rs\u00f6ka att s.a.s kl\u00f6sa sej &hellip; <a href=\"https:\/\/gunnarsson.biz\/blogg\/?p=5172\">Forts\u00e4tt l\u00e4sa <span class=\"meta-nav\">&rarr;<\/span><\/a><\/p>\n","protected":false},"author":92,"featured_media":0,"comment_status":"open","ping_status":"open","sticky":false,"template":"","format":"standard","meta":{"footnotes":""},"categories":[2,5],"tags":[626,628,625,53,627,629,10,206,9,32],"class_list":["post-5172","post","type-post","status-publish","format-standard","hentry","category-egna-funderingar","category-politik","tag-fagelben","tag-fagelcloo","tag-fagelklo","tag-fascister","tag-fogelklou","tag-neka-i-sten","tag-rasism","tag-rasister","tag-sd","tag-skandal"],"_links":{"self":[{"href":"https:\/\/gunnarsson.biz\/blogg\/index.php?rest_route=\/wp\/v2\/posts\/5172","targetHints":{"allow":["GET"]}}],"collection":[{"href":"https:\/\/gunnarsson.biz\/blogg\/index.php?rest_route=\/wp\/v2\/posts"}],"about":[{"href":"https:\/\/gunnarsson.biz\/blogg\/index.php?rest_route=\/wp\/v2\/types\/post"}],"author":[{"embeddable":true,"href":"https:\/\/gunnarsson.biz\/blogg\/index.php?rest_route=\/wp\/v2\/users\/92"}],"replies":[{"embeddable":true,"href":"https:\/\/gunnarsson.biz\/blogg\/index.php?rest_route=%2Fwp%2Fv2%2Fcomments&post=5172"}],"version-history":[{"count":5,"href":"https:\/\/gunnarsson.biz\/blogg\/index.php?rest_route=\/wp\/v2\/posts\/5172\/revisions"}],"predecessor-version":[{"id":5174,"href":"https:\/\/gunnarsson.biz\/blogg\/index.php?rest_route=\/wp\/v2\/posts\/5172\/revisions\/5174"}],"wp:attachment":[{"href":"https:\/\/gunnarsson.biz\/blogg\/index.php?rest_route=%2Fwp%2Fv2%2Fmedia&parent=5172"}],"wp:term":[{"taxonomy":"category","embeddable":true,"href":"https:\/\/gunnarsson.biz\/blogg\/index.php?rest_route=%2Fwp%2Fv2%2Fcategories&post=5172"},{"taxonomy":"post_tag","embeddable":true,"href":"https:\/\/gunnarsson.biz\/blogg\/index.php?rest_route=%2Fwp%2Fv2%2Ftags&post=5172"}],"curies":[{"name":"wp","href":"https:\/\/api.w.org\/{rel}","templated":true}]}}