{"id":5103,"date":"2016-10-24T00:15:58","date_gmt":"2016-10-23T22:15:58","guid":{"rendered":"http:\/\/gunnarsson.biz\/blogg\/?p=5103"},"modified":"2016-10-24T15:45:15","modified_gmt":"2016-10-24T13:45:15","slug":"sd-briljerar","status":"publish","type":"post","link":"https:\/\/gunnarsson.biz\/blogg\/?p=5103","title":{"rendered":"SD briljerar, igen och igen.."},"content":{"rendered":"<p>Det g\u00e5r liksom inte en dag utan att SD-topparna eller n\u00e5gon\/n\u00e5gra av de f\u00f6rtroendevalda utm\u00e4rker sej med n\u00e5gra stolligheter eller rena galenskaper. Jag skrev h\u00e4romdagen om en 5 \u00e5r gammal h\u00e4ndelse i Str\u00f6msunds kommun d\u00e4r SD ville l\u00e4gga krutet p\u00e5 kommunens vattenkraftverk som inte fanns, idag var det dags f\u00f6r stj\u00e4rnorna i \u00c5nge Kommun att dra ett l\u00f6jets skimmer \u00f6ver sitt parti:<br \/>\n<a href=\"http:\/\/www.st.nu\/vasternorrland\/ange\/kommunalradet-om-budgetkritiken-hoppas-att-sd-kan-narvara\" target=\"_blank\"><strong>&#8221;Kommunalr\u00e5det om budgetkritiken: &#8221;Hoppas att SD kan n\u00e4rvara&#8221;<\/strong><\/a><br \/>\n<strong><em>&#8221;Sverigedemokraternas krav p\u00e5 nya rutiner inf\u00f6r budgetarbetet faller tillbaka p\u00e5 dem sj\u00e4lva. Det menar kommunalr\u00e5d Sten-Ove Danielsson (S), som i ett yttrande konstaterar att de inte n\u00e4rvarat vid de m\u00f6ten d\u00e4r efterfr\u00e5gad information har getts.&#8221;<br \/>\n&#8221;Enligt kommunalr\u00e5d Sten-Ove Danielsson s\u00e5 ges dock redan samma underlag till alla partier, oavsett om de tillh\u00f6r majoritet eller opposition.<\/p>\n<p>\u2013 Inget parti har mer eller annan information \u00e4n n\u00e5got annat. Det som tyv\u00e4rr h\u00e4nt det senaste \u00e5ret \u00e4r att den insynsplats som erbjudits Sverigedemokraterna i kommunstyrelsen inte har nyttjats, och vi f\u00e5r hoppas att SD nu kan n\u00e4rvara f\u00f6r d\u00e5 f\u00e5r man information direkt och kan st\u00e4lla fr\u00e5gor, skriver kommunalr\u00e5det i ett yttrande.&#8221;<\/em><\/strong><br \/>\nJa, man kan ju skratta sej harmynt f\u00f6r mindre, men egentligen borde man ju gr\u00e5ta \u00f6ver vad slags m\u00e4nniskor 12,9% r\u00f6stade fram till riksdag och 8% till kommunfullm\u00e4ktige i \u00c5nge. \ud83d\ude41<br \/>\nKan man anta att deras r\u00f6stboskap f\u00f6redrar blinda chauff\u00f6rer i sina bilar och d\u00f6vstumma personer som sk\u00f6ter telefonv\u00e4xlarna?<br \/>\n<img decoding=\"async\" src=\"https:\/\/pbs.twimg.com\/profile_images\/511239815140868097\/MDBvpWVB_400x400.png\" alt=\"\" \/><br \/>\n                                      *******************************<br \/>\nH\u00e4romdagen presenterades f.\u00f6 en ickenyhet g\u00e4llande att den gamle KDS&#8217;aren &#8211;>Centerpartisten &#8211;>SD&#8217;aren Erik Thunefors st\u00f6der SD:s krav och vill riva avtalet med Folkets hus, personligen betraktade jag den politiska vindfl\u00f6jeln som SD&#8217;are redan m\u00e5nader innan han k\u00e4nde sej n\u00f6dgad att hoppa av C.<br \/>\nAtt han st\u00f6djer SD k\u00e4nns lika \u00f6verraskande som att julaftonen infaller den 24\/12 vartenda \u00e5r.<br \/>\n<img decoding=\"async\" src=\"http:\/\/static.beta.pixgallery.com\/images\/detail\/T\/U\/8\/PIX-TU8IYQ.jpg\" alt=\"\" \/><br \/>\n<a href=\"http:\/\/www.st.nu\/vasternorrland\/ange\/forre-centerledaren-stoder-sd-s-krav-vill-riva-avtalet-med-folkets-hus\" target=\"_blank\"><strong>&#8221;F\u00f6rre Centerledaren st\u00f6der SD:s krav \u2013 vill riva avtalet med Folkets hus.&#8221;<\/strong><\/a><br \/>\n<strong><em>&#8221;Erik Thunefors \u00e4r politisk vilde i \u00c5nges kommunfullm\u00e4ktige efter sitt avhopp fr\u00e5n Centerpartiet. Nu sluter han upp bakom Sverigedemokraternas krav om att s\u00e4ga upp avtalet med Folkets husf\u00f6reningen i \u00c5nge.&#8221;<\/em><\/strong><\/p>\n<p><a href=\"http:\/\/trullsans.blogg.se\/2014\/august\/skolstart-2.html\" target=\"_blank\"><strong>Tips till SD&#8217;are med sm\u00e5 f\u00f6tter.<\/strong><\/a><\/p>\n<p><iframe src=\"\/\/www.facebook.com\/plugins\/follow?href=https%3A%2F%2Fwww.facebook.com%2Filgadd&amp;layout=standard&amp;show_faces=true&amp;colorscheme=light&amp;width=450&amp;height=80\" scrolling=\"no\" frameborder=\"0\" style=\"border:none; overflow:hidden; width:450px; height:80px;\" allowTransparency=\"true\"><\/iframe><\/p>\n","protected":false},"excerpt":{"rendered":"<p>Det g\u00e5r liksom inte en dag utan att SD-topparna eller n\u00e5gon\/n\u00e5gra av de f\u00f6rtroendevalda utm\u00e4rker sej med n\u00e5gra stolligheter eller rena galenskaper. Jag skrev h\u00e4romdagen om en 5 \u00e5r gammal h\u00e4ndelse i Str\u00f6msunds kommun d\u00e4r SD ville l\u00e4gga krutet p\u00e5 &hellip; <a href=\"https:\/\/gunnarsson.biz\/blogg\/?p=5103\">Forts\u00e4tt l\u00e4sa <span class=\"meta-nav\">&rarr;<\/span><\/a><\/p>\n","protected":false},"author":92,"featured_media":0,"comment_status":"open","ping_status":"open","sticky":false,"template":"","format":"standard","meta":{"footnotes":""},"categories":[2,5],"tags":[593,9,488],"class_list":["post-5103","post","type-post","status-publish","format-standard","hentry","category-egna-funderingar","category-politik","tag-klantarslen","tag-sd","tag-thunefors"],"_links":{"self":[{"href":"https:\/\/gunnarsson.biz\/blogg\/index.php?rest_route=\/wp\/v2\/posts\/5103","targetHints":{"allow":["GET"]}}],"collection":[{"href":"https:\/\/gunnarsson.biz\/blogg\/index.php?rest_route=\/wp\/v2\/posts"}],"about":[{"href":"https:\/\/gunnarsson.biz\/blogg\/index.php?rest_route=\/wp\/v2\/types\/post"}],"author":[{"embeddable":true,"href":"https:\/\/gunnarsson.biz\/blogg\/index.php?rest_route=\/wp\/v2\/users\/92"}],"replies":[{"embeddable":true,"href":"https:\/\/gunnarsson.biz\/blogg\/index.php?rest_route=%2Fwp%2Fv2%2Fcomments&post=5103"}],"version-history":[{"count":8,"href":"https:\/\/gunnarsson.biz\/blogg\/index.php?rest_route=\/wp\/v2\/posts\/5103\/revisions"}],"predecessor-version":[{"id":5124,"href":"https:\/\/gunnarsson.biz\/blogg\/index.php?rest_route=\/wp\/v2\/posts\/5103\/revisions\/5124"}],"wp:attachment":[{"href":"https:\/\/gunnarsson.biz\/blogg\/index.php?rest_route=%2Fwp%2Fv2%2Fmedia&parent=5103"}],"wp:term":[{"taxonomy":"category","embeddable":true,"href":"https:\/\/gunnarsson.biz\/blogg\/index.php?rest_route=%2Fwp%2Fv2%2Fcategories&post=5103"},{"taxonomy":"post_tag","embeddable":true,"href":"https:\/\/gunnarsson.biz\/blogg\/index.php?rest_route=%2Fwp%2Fv2%2Ftags&post=5103"}],"curies":[{"name":"wp","href":"https:\/\/api.w.org\/{rel}","templated":true}]}}