{"id":5077,"date":"2016-10-20T11:06:17","date_gmt":"2016-10-20T09:06:17","guid":{"rendered":"http:\/\/gunnarsson.biz\/blogg\/?p=5077"},"modified":"2016-10-20T11:14:05","modified_gmt":"2016-10-20T09:14:05","slug":"det-har-ar-viktigt","status":"publish","type":"post","link":"https:\/\/gunnarsson.biz\/blogg\/?p=5077","title":{"rendered":"Det h\u00e4r \u00e4r viktigt, #P\u00e5Riktigt.."},"content":{"rendered":"<p>Oavsett vilket parti du sympatiserar med s\u00e5 f\u00e5r inte l\u00f6gnen bli det du v\u00e4rdes\u00e4tter och sprider vidare, hur kommer samh\u00e4llet se ut om majoriteten folk skulle b\u00f6rja acceptera ett s\u00e5dant oanst\u00e4ndigt beteende?<br \/>\nDet som nu cirkulerar p\u00e5 n\u00e4tet och kanske framf\u00f6r allt p\u00e5 Facebook ang\u00e5ende att IS-soldater skall komma tillbaks till Sverige och f\u00e5 allt serverat p\u00e5 fat som k\u00f6rkort och skuldsanering(?) k\u00e4nns ju spontant helt upp\u00e5t v\u00e4ggarna SD-populistiskt s\u00e5 det skriker om det.<br \/>\nLite som att bara rakt ut h\u00e4vda Sverigedemokrater f\u00e5r bostadsbidrag, socialbidrag och skuldsanering utan att samtidigt n\u00e4mna att de har precis samma m\u00f6jligheter som alla andra att s\u00f6ka detta och f\u00e5 saken pr\u00f6vad f\u00f6r att kunna f\u00e5 det.<\/p>\n<p>Hur t\u00e4nker dom f\u00f6rresten? Om det nu slinker in misst\u00e4nkta f.d. IS-soldater, \u00e4r det inte vettigt att som i vanlig ordning pr\u00f6va dessa r\u00e4ttsligt och se att det verkligen st\u00e4mmer att de \u00e4r det och om de gjort sej skyldiga till krigsbrott \u00f6ht? Vi har ju en r\u00e4ttsapparat i Sverige som f\u00f6rhoppningsvis kommer fram till vem som \u00e4r skyldig till n\u00e5got eller inte.<\/p>\n<p>Som man uppfattar saken i rasistbloggarna (Som jag f.\u00f6 inte har ett dyft f\u00f6rtroende f\u00f6r) vill man omedelbart och bums plocka in alla soldater som befunnit sej i orosh\u00e4rden i och runt Syrien som krigsf\u00f6rbrytare. Hur vet man om dom har stridit \u00f6ht eller vilken sida dom stridit p\u00e5? Hur \u00e4r det t\u00e4nkt att man ska skilja ut t.ex Kurder, Irakier och Syrier som rest hem och bek\u00e4mpat IS fr\u00e5n IS-soldater? Allts\u00e5 folk som som #hj\u00e4ptp\u00e5plats #p\u00e5riktigt ?<\/p>\n<p>N\u00e4e, som vanligt agerar dessa fascister huvudl\u00f6st och utan n\u00e5gon som helst logik i sina antaganden, jag blir s\u00e5 glad n\u00e4r jag ser att vi har ett kommunalr\u00e5d som kan anv\u00e4nda huvudet och s\u00e4tta ner foten och f\u00f6rs\u00f6ka v\u00e4cka folk och f\u00e5 dom att anv\u00e4nda huvudet till annat \u00e4n att b\u00e4ra kepsen p\u00e5.<br \/>\n<img decoding=\"async\" src=\"http:\/\/gunnarsson.biz\/pictures_blogg\/0_2016\/20161020\/IS_skuldsanering.jpg\" alt=\"\" \/><br \/>\n(Fr\u00e5n Sten-Oves Facebooksida i morse, maskade vad jag bed\u00f6mer vara icke-officiella personer i debatten.)<\/p>\n","protected":false},"excerpt":{"rendered":"<p>Oavsett vilket parti du sympatiserar med s\u00e5 f\u00e5r inte l\u00f6gnen bli det du v\u00e4rdes\u00e4tter och sprider vidare, hur kommer samh\u00e4llet se ut om majoriteten folk skulle b\u00f6rja acceptera ett s\u00e5dant oanst\u00e4ndigt beteende? Det som nu cirkulerar p\u00e5 n\u00e4tet och kanske &hellip; <a href=\"https:\/\/gunnarsson.biz\/blogg\/?p=5077\">Forts\u00e4tt l\u00e4sa <span class=\"meta-nav\">&rarr;<\/span><\/a><\/p>\n","protected":false},"author":92,"featured_media":0,"comment_status":"open","ping_status":"open","sticky":false,"template":"","format":"standard","meta":{"footnotes":""},"categories":[2,5],"tags":[],"class_list":["post-5077","post","type-post","status-publish","format-standard","hentry","category-egna-funderingar","category-politik"],"_links":{"self":[{"href":"https:\/\/gunnarsson.biz\/blogg\/index.php?rest_route=\/wp\/v2\/posts\/5077","targetHints":{"allow":["GET"]}}],"collection":[{"href":"https:\/\/gunnarsson.biz\/blogg\/index.php?rest_route=\/wp\/v2\/posts"}],"about":[{"href":"https:\/\/gunnarsson.biz\/blogg\/index.php?rest_route=\/wp\/v2\/types\/post"}],"author":[{"embeddable":true,"href":"https:\/\/gunnarsson.biz\/blogg\/index.php?rest_route=\/wp\/v2\/users\/92"}],"replies":[{"embeddable":true,"href":"https:\/\/gunnarsson.biz\/blogg\/index.php?rest_route=%2Fwp%2Fv2%2Fcomments&post=5077"}],"version-history":[{"count":5,"href":"https:\/\/gunnarsson.biz\/blogg\/index.php?rest_route=\/wp\/v2\/posts\/5077\/revisions"}],"predecessor-version":[{"id":5082,"href":"https:\/\/gunnarsson.biz\/blogg\/index.php?rest_route=\/wp\/v2\/posts\/5077\/revisions\/5082"}],"wp:attachment":[{"href":"https:\/\/gunnarsson.biz\/blogg\/index.php?rest_route=%2Fwp%2Fv2%2Fmedia&parent=5077"}],"wp:term":[{"taxonomy":"category","embeddable":true,"href":"https:\/\/gunnarsson.biz\/blogg\/index.php?rest_route=%2Fwp%2Fv2%2Fcategories&post=5077"},{"taxonomy":"post_tag","embeddable":true,"href":"https:\/\/gunnarsson.biz\/blogg\/index.php?rest_route=%2Fwp%2Fv2%2Ftags&post=5077"}],"curies":[{"name":"wp","href":"https:\/\/api.w.org\/{rel}","templated":true}]}}