{"id":4490,"date":"2015-10-15T14:14:44","date_gmt":"2015-10-15T12:14:44","guid":{"rendered":"http:\/\/gunnarsson.biz\/blogg\/?p=4490"},"modified":"2015-10-15T14:14:44","modified_gmt":"2015-10-15T12:14:44","slug":"gransen-for-anstandigt-beteende-passerad-for-lange-sedan","status":"publish","type":"post","link":"https:\/\/gunnarsson.biz\/blogg\/?p=4490","title":{"rendered":"Gr\u00e4nsen f\u00f6r anst\u00e4ndigt beteende passerad f\u00f6r l\u00e4nge sedan.."},"content":{"rendered":"<p>AB: &#8221;<strong><a href=\"http:\/\/www.aftonbladet.se\/nyheter\/article21588957.ab\" target=\"_blank\">SD t\u00e4nker annonsera utomlands<\/a><\/strong>&#8221;<\/p>\n<p>&#8221;<em>SD l\u00e4gger miljontals kronor p\u00e5 annonser utomlands &#8211; f\u00f6r att m\u00e5la upp en skr\u00e4ckbild av Sverige.<br \/>\nPartiledningen uppmanar nu SD-ledam\u00f6ter att sluta jobba i riksdagen och b\u00f6rja dela ut flygblad i st\u00e4llet.<\/em>&#8221;<\/p>\n<p>************************<\/p>\n<p>Expressen: &#8221;<strong><a href=\"http:\/\/www.expressen.se\/nyheter\/sd-startar-kampanj-for-att-stoppa-flyktingar\/\" target=\"_blank\">SD startar kampanj f\u00f6r att stoppa flyktingar<\/a><\/strong>&#8221;<\/p>\n<p>&#8221;<em>Sverigedemokraterna byter riktning p\u00e5 sin politik.<br \/>\nDe vill nu f\u00e5 till en folkomr\u00f6stning om invandring &#8211; samtidigt som de drar i g\u00e5ng en kampanj utomlands f\u00f6r att stoppa flyktingar fr\u00e5n att komma till Sverige.<br \/>\n\u2013 Vi f\u00f6rs\u00e4tter Sverigedemokraterna i valr\u00f6relse, s\u00e4ger partisekreterare Richard Jomshof.<\/em>&#8221;<\/p>\n<p>************************<\/p>\n<p>Nyheter24: &#8221;<strong><a href=\"http:\/\/nyheter24.se\/nyheter\/politik\/814074-sverigedemokraternas-nya-plan-varna-invandrare-for-sverige\" target=\"_blank\">Sverigedemokraternas nya plan \u2013 varna flyktingar f\u00f6r Sverige<\/a><\/strong>&#8221;<\/p>\n<p>&#8221;<em>Sverigedemokraternas absoluta toppskikt h\u00f6ll under torsdagsf\u00f6rmiddagen en presskonferens d\u00e4r bland andra partiledaren Jimmie \u00c5kesson talade.<br \/>\nUnder en presskonferens i Riksdagens presscenter ber\u00e4ttade Sverigedemokraterna att man skulle presentera en &#8221;ny kurs&#8221;. P\u00e5 plats var partiledaren Jimmie \u00c5kesson, gruppledaren Mattias Karlsson, partisekreteraren Richard Jomshof och partiets integrationspolitiska talesperson Paula Bieler.<\/p>\n<p>Man inledde i typisk sverigedemokratisk stil med att upprepa ungef\u00e4r exakt samma sak som Jimmie \u00c5kesson sa under veckans partiledardebatt, innan man till slut kom fram till vad man hade presenterat som en stor nyhet.<\/em>&#8221;<\/p>\n<p>Vad man kanske borde p\u00e5minna sektledaren och hans f\u00f6ljare om \u00e4r v\u00e4l att SD har mandat att tala f\u00f6r 12,9% av befolkningen, deras planer att f\u00f6rtala Sverige utomlands torde ligga p\u00e5 gr\u00e4nsen till vad som \u00e4r \u00e5talbart.<\/p>\n","protected":false},"excerpt":{"rendered":"<p>AB: &#8221;SD t\u00e4nker annonsera utomlands&#8221; &#8221;SD l\u00e4gger miljontals kronor p\u00e5 annonser utomlands &#8211; f\u00f6r att m\u00e5la upp en skr\u00e4ckbild av Sverige. Partiledningen uppmanar nu SD-ledam\u00f6ter att sluta jobba i riksdagen och b\u00f6rja dela ut flygblad i st\u00e4llet.&#8221; ************************ Expressen: &#8221;SD &hellip; <a href=\"https:\/\/gunnarsson.biz\/blogg\/?p=4490\">Forts\u00e4tt l\u00e4sa <span class=\"meta-nav\">&rarr;<\/span><\/a><\/p>\n","protected":false},"author":92,"featured_media":0,"comment_status":"open","ping_status":"open","sticky":false,"template":"","format":"standard","meta":{"footnotes":""},"categories":[2,5],"tags":[],"class_list":["post-4490","post","type-post","status-publish","format-standard","hentry","category-egna-funderingar","category-politik"],"_links":{"self":[{"href":"https:\/\/gunnarsson.biz\/blogg\/index.php?rest_route=\/wp\/v2\/posts\/4490","targetHints":{"allow":["GET"]}}],"collection":[{"href":"https:\/\/gunnarsson.biz\/blogg\/index.php?rest_route=\/wp\/v2\/posts"}],"about":[{"href":"https:\/\/gunnarsson.biz\/blogg\/index.php?rest_route=\/wp\/v2\/types\/post"}],"author":[{"embeddable":true,"href":"https:\/\/gunnarsson.biz\/blogg\/index.php?rest_route=\/wp\/v2\/users\/92"}],"replies":[{"embeddable":true,"href":"https:\/\/gunnarsson.biz\/blogg\/index.php?rest_route=%2Fwp%2Fv2%2Fcomments&post=4490"}],"version-history":[{"count":3,"href":"https:\/\/gunnarsson.biz\/blogg\/index.php?rest_route=\/wp\/v2\/posts\/4490\/revisions"}],"predecessor-version":[{"id":4493,"href":"https:\/\/gunnarsson.biz\/blogg\/index.php?rest_route=\/wp\/v2\/posts\/4490\/revisions\/4493"}],"wp:attachment":[{"href":"https:\/\/gunnarsson.biz\/blogg\/index.php?rest_route=%2Fwp%2Fv2%2Fmedia&parent=4490"}],"wp:term":[{"taxonomy":"category","embeddable":true,"href":"https:\/\/gunnarsson.biz\/blogg\/index.php?rest_route=%2Fwp%2Fv2%2Fcategories&post=4490"},{"taxonomy":"post_tag","embeddable":true,"href":"https:\/\/gunnarsson.biz\/blogg\/index.php?rest_route=%2Fwp%2Fv2%2Ftags&post=4490"}],"curies":[{"name":"wp","href":"https:\/\/api.w.org\/{rel}","templated":true}]}}