{"id":2285,"date":"2013-03-21T19:39:22","date_gmt":"2013-03-21T17:39:22","guid":{"rendered":"http:\/\/gunnarsson.biz\/blogg\/?p=2285"},"modified":"2013-03-21T19:46:36","modified_gmt":"2013-03-21T17:46:36","slug":"mera-i-media-18-45","status":"publish","type":"post","link":"https:\/\/gunnarsson.biz\/blogg\/?p=2285","title":{"rendered":"Mera i media.. 18.45.."},"content":{"rendered":"<p>Arbetet: &#8221;<a href=\"http:\/\/arbetet.se\/2013\/03\/21\/strejk-pa-call-center\/\" target=\"_blank\">Strejk p\u00e5 call center<\/a>&#8221;<br \/>\n&#8221;<em>Tio av Unionens medlemmar p\u00e5 call centret Focus CRS i Fr\u00e4nsta gick ut i strejk p\u00e5 torsdagsmorgonen. De vill att arbetsgivaren ska teckna kollektivavtal.<\/em>&#8221;<br \/>\nReagerar en hel del p\u00e5 denna rad: &#8221;F\u00f6retaget ser inget hinder att teckna avtal i framtiden, men nu i etableringsfasen har Focus CRS valt att s\u00e4kerst\u00e4lla bolagets \u00f6verlevnad och p\u00e5 s\u00e5 vis se till att de anst\u00e4llda har jobb.&#8221;<br \/>\n<strong>Startar man ett f\u00f6retag p\u00e5 de premisserna s\u00e5 har man nog ingen vidare aff\u00e4rsid\u00e8 och det \u00e4r fr\u00e5gan om ifall ett s\u00e5dant f\u00f6retag har n\u00e5got egentligt existensber\u00e4ttigande om du fr\u00e5gar mej. Och det hela blir ju rent spektakul\u00e4rt med tanke p\u00e5 att \u00e4garna till <a href=\"http:\/\/focuscrs.se\/tjanster.html\" target=\"_blank\">Focus CRS<\/a> startat detta f\u00f6r att mata <a href=\"http:\/\/www.peakpartners.se\/\" target=\"_blank\">Peak Partners<\/a> (med samma \u00e4gare) med kunder till sin finansr\u00e5dgivningsverksamhet.<\/strong><\/p>\n<p>TCO-Tidningen: &#8221;<a href=\"http:\/\/www.tcotidningen.se\/unionen-strejkar-for-kollektivavtal-pa-callcenter\" target=\"_blank\">Unionen strejkar f\u00f6r<br \/>\nkollektivavtal p\u00e5 callcenter<\/a>&#8221;<br \/>\n&#8221;<em>Unionen har l\u00f6st ut strejkvarslet vid callcenterf\u00f6retaget Focus CRS i Fr\u00e4nsta i Medelpad. Arbetsuppgifterna f\u00f6r tio medlemmar \u00e4r lagda i blockad. Det \u00e4r f\u00f6rsta g\u00e5ngen Unionen strejkar f\u00f6r att f\u00e5 in ett f\u00f6retag i kollektivavtalsystemet.<\/em>&#8221;<\/p>\n","protected":false},"excerpt":{"rendered":"<p>Arbetet: &#8221;Strejk p\u00e5 call center&#8221; &#8221;Tio av Unionens medlemmar p\u00e5 call centret Focus CRS i Fr\u00e4nsta gick ut i strejk p\u00e5 torsdagsmorgonen. De vill att arbetsgivaren ska teckna kollektivavtal.&#8221; Reagerar en hel del p\u00e5 denna rad: &#8221;F\u00f6retaget ser inget hinder &hellip; <a href=\"https:\/\/gunnarsson.biz\/blogg\/?p=2285\">Forts\u00e4tt l\u00e4sa <span class=\"meta-nav\">&rarr;<\/span><\/a><\/p>\n","protected":false},"author":92,"featured_media":0,"comment_status":"open","ping_status":"open","sticky":false,"template":"","format":"standard","meta":{"footnotes":""},"categories":[2],"tags":[],"class_list":["post-2285","post","type-post","status-publish","format-standard","hentry","category-egna-funderingar"],"_links":{"self":[{"href":"https:\/\/gunnarsson.biz\/blogg\/index.php?rest_route=\/wp\/v2\/posts\/2285","targetHints":{"allow":["GET"]}}],"collection":[{"href":"https:\/\/gunnarsson.biz\/blogg\/index.php?rest_route=\/wp\/v2\/posts"}],"about":[{"href":"https:\/\/gunnarsson.biz\/blogg\/index.php?rest_route=\/wp\/v2\/types\/post"}],"author":[{"embeddable":true,"href":"https:\/\/gunnarsson.biz\/blogg\/index.php?rest_route=\/wp\/v2\/users\/92"}],"replies":[{"embeddable":true,"href":"https:\/\/gunnarsson.biz\/blogg\/index.php?rest_route=%2Fwp%2Fv2%2Fcomments&post=2285"}],"version-history":[{"count":2,"href":"https:\/\/gunnarsson.biz\/blogg\/index.php?rest_route=\/wp\/v2\/posts\/2285\/revisions"}],"predecessor-version":[{"id":2287,"href":"https:\/\/gunnarsson.biz\/blogg\/index.php?rest_route=\/wp\/v2\/posts\/2285\/revisions\/2287"}],"wp:attachment":[{"href":"https:\/\/gunnarsson.biz\/blogg\/index.php?rest_route=%2Fwp%2Fv2%2Fmedia&parent=2285"}],"wp:term":[{"taxonomy":"category","embeddable":true,"href":"https:\/\/gunnarsson.biz\/blogg\/index.php?rest_route=%2Fwp%2Fv2%2Fcategories&post=2285"},{"taxonomy":"post_tag","embeddable":true,"href":"https:\/\/gunnarsson.biz\/blogg\/index.php?rest_route=%2Fwp%2Fv2%2Ftags&post=2285"}],"curies":[{"name":"wp","href":"https:\/\/api.w.org\/{rel}","templated":true}]}}